{"id":3917,"date":"2025-03-26T13:57:00","date_gmt":"2025-03-26T12:57:00","guid":{"rendered":"https:\/\/visina.click.si\/?p=3917"},"modified":"2025-06-02T14:00:45","modified_gmt":"2025-06-02T12:00:45","slug":"sejem-komenda-2025","status":"publish","type":"post","link":"https:\/\/visina.click.si\/hr\/novice\/sejem-komenda-2025\/","title":{"rendered":"Sejem Komenda 2025"},"content":{"rendered":"<div data-elementor-type=\"wp-post\" data-elementor-id=\"3917\" class=\"elementor elementor-3917\" data-elementor-post-type=\"post\">\n\t\t\t\t<div class=\"elementor-element elementor-element-a9dc1b1 e-flex e-con-boxed e-con e-parent\" data-id=\"a9dc1b1\" data-element_type=\"container\">\n\t\t\t\t\t<div class=\"e-con-inner\">\n\t\t\t\t<div class=\"elementor-element elementor-element-d4114b2 elementor-widget elementor-widget-heading\" data-id=\"d4114b2\" data-element_type=\"widget\" data-widget_type=\"heading.default\">\n\t\t\t\t<div class=\"elementor-widget-container\">\n\t\t\t\t\t<h2 class=\"elementor-heading-title elementor-size-default\">Obi\u0161\u010dite nas na sejmu Komenda od 11. do 13. aprila 2025!<\/h2>\t\t\t\t<\/div>\n\t\t\t\t<\/div>\n\t\t\t\t<div class=\"elementor-element elementor-element-e1b4694 elementor-widget elementor-widget-text-editor\" data-id=\"e1b4694\" data-element_type=\"widget\" data-widget_type=\"text-editor.default\">\n\t\t\t\t<div class=\"elementor-widget-container\">\n\t\t\t\t\t\t\t\t\t<p>Vabimo vas, da nas obi\u0161\u010dete na spomladanskem sejmu v Komendi, kjer bomo predstavili vrhunske delovne stroje in opremo. Na na\u0161em razstavnem prostoru boste lahko videli:<\/p><ul><li>\u2705 <strong>MULTIONE 6.3S IDS 2 SPEED T4F (Stage V Tier 4 final)<\/strong> \u2013 ve\u010dnamenski nakladalnik z mo\u017enostjo priklopa ve\u010d kot 170 priklju\u010dkov. <strong><a class=\"theme markdown__link\" href=\"https:\/\/www.avto.net\/Ads\/details.asp?id=20542620&amp;display=MultiOne%206.3iDS%202%20SPEED-%20STAGE5\" target=\"_blank\" rel=\"noopener noreferrer\">MultiOne 6.3iDS 2 SPEED- STAGE5<\/a><\/strong><\/li><li>\u2705 <strong>IVECO s snemljivim dvigalom PM 2823<\/strong> \u2013 kamion B-kategorije s kasonom in hitrimi priklju\u010dki za dvigalo. <strong><a class=\"theme markdown__link\" href=\"https:\/\/www.avto.net\/Ads\/details.asp?id=18914669&amp;display=Iveco%20+PM%202823%20DVIGALO%20SNEMLJIVO%20hitri%20priklju%E8ki%20\" target=\"_blank\" rel=\"noopener noreferrer\">Iveco +PM 2823 DVIGALO SNEMLJIVO hitri priklju\u010dki<\/a><\/strong><\/li><li>\u2705 <strong>CTE ZED20.4<\/strong> \u2013 nadgradnja ko\u0161are na kamionu IVECO, idealna za delo na vi\u0161ini.<strong> <a class=\"theme markdown__link\" href=\"https:\/\/www.avto.net\/Ads\/details.asp?id=18537144&amp;display=Iveco%20CTE%20ZED20.4HN%20\" target=\"_blank\" rel=\"noopener noreferrer\">Iveco CTE ZED20.4HN<\/a><\/strong><\/li><li>\u2705 <strong>Hinowa goseni\u010dar naklada\u010d s kiperjem<\/strong> \u2013 zmogljiv in prilagodljiv dumper za razli\u010dna terenska dela. <strong><a class=\"theme markdown__link\" href=\"https:\/\/www.avto.net\/Ads\/results.asp?znamka=&amp;model=&amp;modelID=&amp;tip=&amp;znamka2=&amp;model2=&amp;tip2=&amp;znamka3=&amp;model3=&amp;tip3=&amp;cenaMin=0&amp;cenaMax=999999&amp;letnikMin=0&amp;letnikMax=2090&amp;bencin=0&amp;starost2=999&amp;oblika=0&amp;ccmMin=0&amp;ccmMax=99999&amp;mocMin=0&amp;mocMax=999999&amp;kmMin=0&amp;kmMax=9999999&amp;kwMin=0&amp;kwMax=999999&amp;motortakt=0&amp;motorvalji=0&amp;lokacija=0&amp;sirina=0&amp;dolzina=&amp;dolzinaMIN=0&amp;dolzinaMAX=100&amp;nosilnostMIN=0&amp;nosilnostMAX=999999&amp;sedezevMIN=0&amp;sedezevMAX=9&amp;lezisc=&amp;presek=0&amp;premer=0&amp;col=0&amp;vijakov=0&amp;EToznaka=0&amp;vozilo=&amp;airbag=&amp;barva=&amp;barvaint=&amp;doseg=0&amp;BkType=0&amp;BkOkvir=0&amp;BkOkvirType=0&amp;Bk4=0&amp;EQ1=1000000000&amp;EQ2=1000000000&amp;EQ3=1000000000&amp;EQ4=100000000&amp;EQ5=1000000000&amp;EQ6=1000001000&amp;EQ7=1110100122&amp;EQ8=101000000&amp;EQ9=1000000020&amp;EQ10=1000000000&amp;KAT=1040000000&amp;PIA=&amp;PIAzero=&amp;PIAOut=&amp;PSLO=&amp;akcija=0&amp;paketgarancije=&amp;broker=12011&amp;prikazkategorije=0&amp;kategorija=0&amp;ONLvid=0&amp;ONLnak=0&amp;zaloga=10&amp;arhiv=0&amp;presort=3&amp;tipsort=DESC&amp;stran=1&amp;SUBmakesearch=Hinowa\" target=\"_blank\" rel=\"noopener noreferrer\">HINOWA<\/a><\/strong><\/li><\/ul><p>\u00a0<\/p><p>Z veseljem vam bomo svetovali in odgovorili na vsa vpra\u0161anja. Pridru\u017eite se nam in si iz prve roke oglejte najnovej\u0161e inovacije v na\u0161i ponudbi!<\/p><p>\ud83d\udccd <strong>Kje?<\/strong> Sejem Komenda<br \/>\ud83d\udcc6 <strong>Kdaj?<\/strong> 11.\u201313. april 2025<\/p><p>Za ve\u010d informacij\u00a0nas kontaktirajte na <strong><a class=\"theme\" href=\"mailto:prodaja@visina.si\" target=\"_blank\" rel=\"noopener noreferrer\">prodaja@visina.si<\/a><\/strong>.<\/p><p>Se vidimo v Komendi! \ud83d\ude9c\ud83d\udd27<\/p>\t\t\t\t\t\t\t\t<\/div>\n\t\t\t\t<\/div>\n\t\t\t\t<div class=\"elementor-element elementor-element-152a823 elementor-widget elementor-widget-image\" data-id=\"152a823\" data-element_type=\"widget\" data-widget_type=\"image.default\">\n\t\t\t\t<div class=\"elementor-widget-container\">\n\t\t\t\t\t\t\t\t\t\t\t\t\t\t\t<img fetchpriority=\"high\" decoding=\"async\" width=\"800\" height=\"550\" src=\"https:\/\/visina.click.si\/wp-content\/uploads\/2025\/03\/visina-novica-sejem-1024x704.jpg\" class=\"attachment-large size-large wp-image-3922\" alt=\"\" srcset=\"https:\/\/visina.click.si\/wp-content\/uploads\/2025\/03\/visina-novica-sejem-1024x704.jpg 1024w, https:\/\/visina.click.si\/wp-content\/uploads\/2025\/03\/visina-novica-sejem-300x206.jpg 300w, https:\/\/visina.click.si\/wp-content\/uploads\/2025\/03\/visina-novica-sejem-768x528.jpg 768w, https:\/\/visina.click.si\/wp-content\/uploads\/2025\/03\/visina-novica-sejem-18x12.jpg 18w, https:\/\/visina.click.si\/wp-content\/uploads\/2025\/03\/visina-novica-sejem-600x413.jpg 600w, https:\/\/visina.click.si\/wp-content\/uploads\/2025\/03\/visina-novica-sejem.jpg 1246w\" sizes=\"(max-width: 800px) 100vw, 800px\" \/>\t\t\t\t\t\t\t\t\t\t\t\t\t\t\t<\/div>\n\t\t\t\t<\/div>\n\t\t\t\t\t<\/div>\n\t\t\t\t<\/div>\n\t\t\t\t<\/div>","protected":false},"excerpt":{"rendered":"<p>Obi\u0161\u010dite nas na sejmu Komenda od 11. do 13. aprila 2025! Vabimo vas, da nas obi\u0161\u010dete na spomladanskem sejmu v Komendi, kjer bomo predstavili vrhunske delovne stroje in opremo. Na na\u0161em razstavnem prostoru boste lahko videli: \u2705 MULTIONE 6.3S IDS 2 SPEED T4F (Stage V Tier 4 final) \u2013 ve\u010dnamenski nakladalnik z mo\u017enostjo priklopa ve\u010d [&hellip;]<\/p>","protected":false},"author":2,"featured_media":3922,"comment_status":"closed","ping_status":"closed","sticky":false,"template":"","format":"standard","meta":{"om_disable_all_campaigns":false,"inline_featured_image":false,"_monsterinsights_skip_tracking":false,"_monsterinsights_sitenote_active":false,"_monsterinsights_sitenote_note":"","_monsterinsights_sitenote_category":0,"footnotes":""},"categories":[1],"tags":[],"class_list":["post-3917","post","type-post","status-publish","format-standard","has-post-thumbnail","hentry","category-uncategorized"],"aioseo_notices":[],"_links":{"self":[{"href":"https:\/\/visina.click.si\/hr\/wp-json\/wp\/v2\/posts\/3917","targetHints":{"allow":["GET"]}}],"collection":[{"href":"https:\/\/visina.click.si\/hr\/wp-json\/wp\/v2\/posts"}],"about":[{"href":"https:\/\/visina.click.si\/hr\/wp-json\/wp\/v2\/types\/post"}],"author":[{"embeddable":true,"href":"https:\/\/visina.click.si\/hr\/wp-json\/wp\/v2\/users\/2"}],"replies":[{"embeddable":true,"href":"https:\/\/visina.click.si\/hr\/wp-json\/wp\/v2\/comments?post=3917"}],"version-history":[{"count":4,"href":"https:\/\/visina.click.si\/hr\/wp-json\/wp\/v2\/posts\/3917\/revisions"}],"predecessor-version":[{"id":3921,"href":"https:\/\/visina.click.si\/hr\/wp-json\/wp\/v2\/posts\/3917\/revisions\/3921"}],"wp:featuredmedia":[{"embeddable":true,"href":"https:\/\/visina.click.si\/hr\/wp-json\/wp\/v2\/media\/3922"}],"wp:attachment":[{"href":"https:\/\/visina.click.si\/hr\/wp-json\/wp\/v2\/media?parent=3917"}],"wp:term":[{"taxonomy":"category","embeddable":true,"href":"https:\/\/visina.click.si\/hr\/wp-json\/wp\/v2\/categories?post=3917"},{"taxonomy":"post_tag","embeddable":true,"href":"https:\/\/visina.click.si\/hr\/wp-json\/wp\/v2\/tags?post=3917"}],"curies":[{"name":"wp","href":"https:\/\/api.w.org\/{rel}","templated":true}]}}